{"id":10213,"date":"2024-05-30T15:44:45","date_gmt":"2024-05-30T13:44:45","guid":{"rendered":"https:\/\/www.noegel.de\/?p=10213"},"modified":"2024-05-30T15:44:45","modified_gmt":"2024-05-30T13:44:45","slug":"baustart-fuer-drei-neue-produktionshallen-mit-integriertem-buerotrakt","status":"publish","type":"post","link":"https:\/\/www.noegel.de\/en\/2024\/05\/30\/baustart-fuer-drei-neue-produktionshallen-mit-integriertem-buerotrakt\/","title":{"rendered":"Baustart f\u00fcr drei neue Produktionshallen mit integriertem B\u00fcrotrakt"},"content":{"rendered":"<div class=\"wpb-content-wrapper\">[vc_row][vc_column][vc_column_text css=&#8221;&#8221;]Im April 2024 f\u00e4llt der Startschuss f\u00fcr den Bau von drei hochmodernen Produktionshallen, die zusammen mit einem integrierten B\u00fcrotrakt eine Gesamtfl\u00e4che von 4.200 Quadratmetern umfassen werden. Dieses ambitionierte Projekt ist darauf ausgelegt, die Produktionskapazit\u00e4ten signifikant zu erweitern und gleichzeitig die Arbeitsbedingungen durch moderne B\u00fcrofl\u00e4chen zu verbessern.<\/p>\n<h4>Halle 1: CNC-Aluminiumbearbeitung<\/h4>\n<p>Die erste Halle wird sich auf die CNC-Aluminiumbearbeitung spezialisieren. Mit neuesten Technologien und Maschinen ausgestattet, soll sie pr\u00e4zise und effiziente Fertigungsprozesse erm\u00f6glichen. Die Nutzung fortschrittlicher CNC-Technologien stellt sicher, dass komplexe Aluminiumteile mit h\u00f6chster Pr\u00e4zision und Qualit\u00e4t produziert werden k\u00f6nnen.<\/p>\n<h4>Halle 2: Kunststoffspritzguss<\/h4>\n<p>In der zweiten Halle wird der Fokus auf Kunststoffspritzguss liegen. Diese Halle wird mit modernsten Spritzgussmaschinen ausgestattet sein, um eine breite Palette von Kunststoffteilen f\u00fcr verschiedene Industrien zu fertigen. Durch den Einsatz innovativer Technologien wird eine hohe Produktivit\u00e4t und Flexibilit\u00e4t gew\u00e4hrleistet, um den steigenden Anforderungen des Marktes gerecht zu werden.<\/p>\n<h4>Halle 3: Ringbalkenschalung<\/h4>\n<p>Die dritte Halle wird f\u00fcr die Produktion von Ringbalkenschalungen genutzt. Diese speziellen Bauelemente sind essentiell f\u00fcr die Stabilit\u00e4t und Langlebigkeit von Bauwerken. Die Produktionshalle wird mit modernster Technik ausgestattet, um hochwertige und pr\u00e4zise Schalungssysteme zu fertigen, die den strengen Bauvorschriften und Qualit\u00e4tsstandards entsprechen.<\/p>\n<h4>B\u00fcrotrakt: Moderne Arbeitspl\u00e4tze<\/h4>\n<p>Der integrierte B\u00fcrotrakt wird modernste Arbeitspl\u00e4tze bieten, die sowohl ergonomischen als auch technologischen Anforderungen gerecht werden. Offene und lichtdurchflutete R\u00e4ume sollen ein kreatives und produktives Arbeitsumfeld f\u00f6rdern. Zus\u00e4tzlich sind Besprechungsr\u00e4ume und Ruhezonen vorgesehen, die den Austausch und die Zusammenarbeit zwischen den verschiedenen Abteilungen unterst\u00fctzen.<\/p>\n<h4>Zeitplan und Fertigstellung<\/h4>\n<p>Der Baustart ist f\u00fcr April 2024 geplant, mit einer voraussichtlichen Fertigstellung zum Ende des Jahres 2024. Dieses ambitionierte Zeitfenster erfordert eine pr\u00e4zise Planung und effiziente Bauabl\u00e4ufe, um den termingerechten Abschluss des Projekts sicherzustellen.<\/p>\n<p>Mit dem Bau dieser drei neuen Produktionshallen wird ein wichtiger Schritt zur Erweiterung und Modernisierung der Produktionskapazit\u00e4ten gemacht. Dies wird nicht nur die Wettbewerbsf\u00e4higkeit erh\u00f6hen, sondern auch neue Arbeitspl\u00e4tze schaffen und zur regionalen Wirtschaftsentwicklung beitragen.[\/vc_column_text][\/vc_column][\/vc_row]\n<\/div>","protected":false},"excerpt":{"rendered":"<p>[vc_row][vc_column][vc_column_text css=&#8221;&#8221;]Im April 2024 f\u00e4llt der Startschuss f\u00fcr den Bau von drei hochmodernen Produktionshallen, die zusammen mit einem integrierten B\u00fcrotrakt eine Gesamtfl\u00e4che von 4.200 Quadratmetern umfassen werden. Dieses ambitionierte Projekt ist darauf ausgelegt, die Produktionskapazit\u00e4ten signifikant zu erweitern und gleichzeitig &hellip;<\/p>\n","protected":false},"author":1,"featured_media":10214,"comment_status":"closed","ping_status":"closed","sticky":false,"template":"","format":"standard","meta":{"footnotes":""},"categories":[218],"tags":[],"class_list":["post-10213","post","type-post","status-publish","format-standard","has-post-thumbnail","hentry","category-bautagebuch-produktionshallen"],"translation":{"provider":"WPGlobus","version":"3.0.2","language":"en","enabled_languages":["de","nl","en"],"languages":{"de":{"title":true,"content":true,"excerpt":false},"nl":{"title":false,"content":false,"excerpt":false},"en":{"title":false,"content":false,"excerpt":false}}},"yoast_head":"<!-- This site is optimized with the Yoast SEO plugin v27.5 - https:\/\/yoast.com\/product\/yoast-seo-wordpress\/ -->\n<title>Baustart f\u00fcr drei neue Produktionshallen mit integriertem B\u00fcrotrakt - N\u00d6GEL Montagetechnik<\/title>\n<meta name=\"robots\" content=\"index, follow, max-snippet:-1, max-image-preview:large, max-video-preview:-1\" \/>\n<link rel=\"canonical\" href=\"https:\/\/www.noegel.de\/2024\/05\/30\/baustart-fuer-drei-neue-produktionshallen-mit-integriertem-buerotrakt\/\" \/>\n<meta property=\"og:locale\" content=\"en_US\" \/>\n<meta property=\"og:type\" content=\"article\" \/>\n<meta property=\"og:title\" content=\"Baustart f\u00fcr drei neue Produktionshallen mit integriertem B\u00fcrotrakt - N\u00d6GEL Montagetechnik\" \/>\n<meta property=\"og:url\" content=\"https:\/\/www.noegel.de\/2024\/05\/30\/baustart-fuer-drei-neue-produktionshallen-mit-integriertem-buerotrakt\/\" \/>\n<meta property=\"og:site_name\" content=\"N\u00d6GEL Montagetechnik\" \/>\n<meta property=\"article:publisher\" content=\"https:\/\/www.facebook.com\/noegel.montagetechnik\" \/>\n<meta property=\"article:published_time\" content=\"2024-05-30T13:44:45+00:00\" \/>\n<meta property=\"og:image\" content=\"https:\/\/www.noegel.de\/wp-content\/uploads\/2024\/05\/Entwurf-Hallen_ohne_Buero_Neu-scaled.jpg\" \/>\n\t<meta property=\"og:image:width\" content=\"2560\" \/>\n\t<meta property=\"og:image:height\" content=\"2381\" \/>\n\t<meta property=\"og:image:type\" content=\"image\/jpeg\" \/>\n<meta name=\"author\" content=\"schoeffel\" \/>\n<meta name=\"twitter:card\" content=\"summary_large_image\" \/>\n<meta name=\"twitter:label1\" content=\"Written by\" \/>\n\t<meta name=\"twitter:data1\" content=\"schoeffel\" \/>\n\t<meta name=\"twitter:label2\" content=\"Est. reading time\" \/>\n\t<meta name=\"twitter:data2\" content=\"2 minutes\" \/>\n<script type=\"application\/ld+json\" class=\"yoast-schema-graph\">{\"@context\":\"https:\\\/\\\/schema.org\",\"@graph\":[{\"@type\":\"Article\",\"@id\":\"https:\\\/\\\/www.noegel.de\\\/2024\\\/05\\\/30\\\/baustart-fuer-drei-neue-produktionshallen-mit-integriertem-buerotrakt\\\/#article\",\"isPartOf\":{\"@id\":\"https:\\\/\\\/www.noegel.de\\\/2024\\\/05\\\/30\\\/baustart-fuer-drei-neue-produktionshallen-mit-integriertem-buerotrakt\\\/\"},\"author\":{\"name\":\"schoeffel\",\"@id\":\"https:\\\/\\\/www.noegel.de\\\/#\\\/schema\\\/person\\\/b67943b5216be0a2cd07238e8c99e2bc\"},\"headline\":\"Baustart f\u00fcr drei neue Produktionshallen mit integriertem B\u00fcrotrakt\",\"datePublished\":\"2024-05-30T13:44:45+00:00\",\"mainEntityOfPage\":{\"@id\":\"https:\\\/\\\/www.noegel.de\\\/2024\\\/05\\\/30\\\/baustart-fuer-drei-neue-produktionshallen-mit-integriertem-buerotrakt\\\/\"},\"wordCount\":361,\"image\":{\"@id\":\"https:\\\/\\\/www.noegel.de\\\/2024\\\/05\\\/30\\\/baustart-fuer-drei-neue-produktionshallen-mit-integriertem-buerotrakt\\\/#primaryimage\"},\"thumbnailUrl\":\"https:\\\/\\\/www.noegel.de\\\/wp-content\\\/uploads\\\/2024\\\/05\\\/Entwurf-Hallen_ohne_Buero_Neu-scaled.jpg\",\"articleSection\":[\"Bautagebuch Produktionshallen\"],\"inLanguage\":\"en-US\"},{\"@type\":\"WebPage\",\"@id\":\"https:\\\/\\\/www.noegel.de\\\/2024\\\/05\\\/30\\\/baustart-fuer-drei-neue-produktionshallen-mit-integriertem-buerotrakt\\\/\",\"url\":\"https:\\\/\\\/www.noegel.de\\\/2024\\\/05\\\/30\\\/baustart-fuer-drei-neue-produktionshallen-mit-integriertem-buerotrakt\\\/\",\"name\":\"Baustart f\u00fcr drei neue Produktionshallen mit integriertem B\u00fcrotrakt - N\u00d6GEL Montagetechnik\",\"isPartOf\":{\"@id\":\"https:\\\/\\\/www.noegel.de\\\/#website\"},\"primaryImageOfPage\":{\"@id\":\"https:\\\/\\\/www.noegel.de\\\/2024\\\/05\\\/30\\\/baustart-fuer-drei-neue-produktionshallen-mit-integriertem-buerotrakt\\\/#primaryimage\"},\"image\":{\"@id\":\"https:\\\/\\\/www.noegel.de\\\/2024\\\/05\\\/30\\\/baustart-fuer-drei-neue-produktionshallen-mit-integriertem-buerotrakt\\\/#primaryimage\"},\"thumbnailUrl\":\"https:\\\/\\\/www.noegel.de\\\/wp-content\\\/uploads\\\/2024\\\/05\\\/Entwurf-Hallen_ohne_Buero_Neu-scaled.jpg\",\"datePublished\":\"2024-05-30T13:44:45+00:00\",\"author\":{\"@id\":\"https:\\\/\\\/www.noegel.de\\\/#\\\/schema\\\/person\\\/b67943b5216be0a2cd07238e8c99e2bc\"},\"breadcrumb\":{\"@id\":\"https:\\\/\\\/www.noegel.de\\\/2024\\\/05\\\/30\\\/baustart-fuer-drei-neue-produktionshallen-mit-integriertem-buerotrakt\\\/#breadcrumb\"},\"inLanguage\":\"en-US\",\"potentialAction\":[{\"@type\":\"ReadAction\",\"target\":[\"https:\\\/\\\/www.noegel.de\\\/2024\\\/05\\\/30\\\/baustart-fuer-drei-neue-produktionshallen-mit-integriertem-buerotrakt\\\/\"]}]},{\"@type\":\"ImageObject\",\"inLanguage\":\"en-US\",\"@id\":\"https:\\\/\\\/www.noegel.de\\\/2024\\\/05\\\/30\\\/baustart-fuer-drei-neue-produktionshallen-mit-integriertem-buerotrakt\\\/#primaryimage\",\"url\":\"https:\\\/\\\/www.noegel.de\\\/wp-content\\\/uploads\\\/2024\\\/05\\\/Entwurf-Hallen_ohne_Buero_Neu-scaled.jpg\",\"contentUrl\":\"https:\\\/\\\/www.noegel.de\\\/wp-content\\\/uploads\\\/2024\\\/05\\\/Entwurf-Hallen_ohne_Buero_Neu-scaled.jpg\",\"width\":2560,\"height\":2381},{\"@type\":\"BreadcrumbList\",\"@id\":\"https:\\\/\\\/www.noegel.de\\\/2024\\\/05\\\/30\\\/baustart-fuer-drei-neue-produktionshallen-mit-integriertem-buerotrakt\\\/#breadcrumb\",\"itemListElement\":[{\"@type\":\"ListItem\",\"position\":1,\"name\":\"Startseite\",\"item\":\"https:\\\/\\\/www.noegel.de\\\/\"},{\"@type\":\"ListItem\",\"position\":2,\"name\":\"Baustart f\u00fcr drei neue Produktionshallen mit integriertem B\u00fcrotrakt\"}]},{\"@type\":\"WebSite\",\"@id\":\"https:\\\/\\\/www.noegel.de\\\/#website\",\"url\":\"https:\\\/\\\/www.noegel.de\\\/\",\"name\":\"N\u00d6GEL Montagetechnik\",\"description\":\"...die gute Verbindung\",\"potentialAction\":[{\"@type\":\"SearchAction\",\"target\":{\"@type\":\"EntryPoint\",\"urlTemplate\":\"https:\\\/\\\/www.noegel.de\\\/?s={search_term_string}\"},\"query-input\":{\"@type\":\"PropertyValueSpecification\",\"valueRequired\":true,\"valueName\":\"search_term_string\"}}],\"inLanguage\":\"en-US\"},{\"@type\":\"Person\",\"@id\":\"https:\\\/\\\/www.noegel.de\\\/#\\\/schema\\\/person\\\/b67943b5216be0a2cd07238e8c99e2bc\",\"name\":\"schoeffel\",\"image\":{\"@type\":\"ImageObject\",\"inLanguage\":\"en-US\",\"@id\":\"https:\\\/\\\/secure.gravatar.com\\\/avatar\\\/46420ee3187c4c78281a571257546bbff4ac8302868d8b7af0098dd850ce6c64?s=96&d=mm&r=g\",\"url\":\"https:\\\/\\\/secure.gravatar.com\\\/avatar\\\/46420ee3187c4c78281a571257546bbff4ac8302868d8b7af0098dd850ce6c64?s=96&d=mm&r=g\",\"contentUrl\":\"https:\\\/\\\/secure.gravatar.com\\\/avatar\\\/46420ee3187c4c78281a571257546bbff4ac8302868d8b7af0098dd850ce6c64?s=96&d=mm&r=g\",\"caption\":\"schoeffel\"},\"url\":\"https:\\\/\\\/www.noegel.de\\\/en\\\/author\\\/schoeffel\\\/\"}]}<\/script>\n<!-- \/ Yoast SEO plugin. -->","yoast_head_json":{"title":"Baustart f\u00fcr drei neue Produktionshallen mit integriertem B\u00fcrotrakt - N\u00d6GEL Montagetechnik","robots":{"index":"index","follow":"follow","max-snippet":"max-snippet:-1","max-image-preview":"max-image-preview:large","max-video-preview":"max-video-preview:-1"},"canonical":"https:\/\/www.noegel.de\/2024\/05\/30\/baustart-fuer-drei-neue-produktionshallen-mit-integriertem-buerotrakt\/","og_locale":"en_US","og_type":"article","og_title":"Baustart f\u00fcr drei neue Produktionshallen mit integriertem B\u00fcrotrakt - N\u00d6GEL Montagetechnik","og_url":"https:\/\/www.noegel.de\/2024\/05\/30\/baustart-fuer-drei-neue-produktionshallen-mit-integriertem-buerotrakt\/","og_site_name":"N\u00d6GEL Montagetechnik","article_publisher":"https:\/\/www.facebook.com\/noegel.montagetechnik","article_published_time":"2024-05-30T13:44:45+00:00","og_image":[{"width":2560,"height":2381,"url":"https:\/\/www.noegel.de\/wp-content\/uploads\/2024\/05\/Entwurf-Hallen_ohne_Buero_Neu-scaled.jpg","type":"image\/jpeg"}],"author":"schoeffel","twitter_card":"summary_large_image","twitter_misc":{"Written by":"schoeffel","Est. reading time":"2 minutes"},"schema":{"@context":"https:\/\/schema.org","@graph":[{"@type":"Article","@id":"https:\/\/www.noegel.de\/2024\/05\/30\/baustart-fuer-drei-neue-produktionshallen-mit-integriertem-buerotrakt\/#article","isPartOf":{"@id":"https:\/\/www.noegel.de\/2024\/05\/30\/baustart-fuer-drei-neue-produktionshallen-mit-integriertem-buerotrakt\/"},"author":{"name":"schoeffel","@id":"https:\/\/www.noegel.de\/#\/schema\/person\/b67943b5216be0a2cd07238e8c99e2bc"},"headline":"Baustart f\u00fcr drei neue Produktionshallen mit integriertem B\u00fcrotrakt","datePublished":"2024-05-30T13:44:45+00:00","mainEntityOfPage":{"@id":"https:\/\/www.noegel.de\/2024\/05\/30\/baustart-fuer-drei-neue-produktionshallen-mit-integriertem-buerotrakt\/"},"wordCount":361,"image":{"@id":"https:\/\/www.noegel.de\/2024\/05\/30\/baustart-fuer-drei-neue-produktionshallen-mit-integriertem-buerotrakt\/#primaryimage"},"thumbnailUrl":"https:\/\/www.noegel.de\/wp-content\/uploads\/2024\/05\/Entwurf-Hallen_ohne_Buero_Neu-scaled.jpg","articleSection":["Bautagebuch Produktionshallen"],"inLanguage":"en-US"},{"@type":"WebPage","@id":"https:\/\/www.noegel.de\/2024\/05\/30\/baustart-fuer-drei-neue-produktionshallen-mit-integriertem-buerotrakt\/","url":"https:\/\/www.noegel.de\/2024\/05\/30\/baustart-fuer-drei-neue-produktionshallen-mit-integriertem-buerotrakt\/","name":"Baustart f\u00fcr drei neue Produktionshallen mit integriertem B\u00fcrotrakt - N\u00d6GEL Montagetechnik","isPartOf":{"@id":"https:\/\/www.noegel.de\/#website"},"primaryImageOfPage":{"@id":"https:\/\/www.noegel.de\/2024\/05\/30\/baustart-fuer-drei-neue-produktionshallen-mit-integriertem-buerotrakt\/#primaryimage"},"image":{"@id":"https:\/\/www.noegel.de\/2024\/05\/30\/baustart-fuer-drei-neue-produktionshallen-mit-integriertem-buerotrakt\/#primaryimage"},"thumbnailUrl":"https:\/\/www.noegel.de\/wp-content\/uploads\/2024\/05\/Entwurf-Hallen_ohne_Buero_Neu-scaled.jpg","datePublished":"2024-05-30T13:44:45+00:00","author":{"@id":"https:\/\/www.noegel.de\/#\/schema\/person\/b67943b5216be0a2cd07238e8c99e2bc"},"breadcrumb":{"@id":"https:\/\/www.noegel.de\/2024\/05\/30\/baustart-fuer-drei-neue-produktionshallen-mit-integriertem-buerotrakt\/#breadcrumb"},"inLanguage":"en-US","potentialAction":[{"@type":"ReadAction","target":["https:\/\/www.noegel.de\/2024\/05\/30\/baustart-fuer-drei-neue-produktionshallen-mit-integriertem-buerotrakt\/"]}]},{"@type":"ImageObject","inLanguage":"en-US","@id":"https:\/\/www.noegel.de\/2024\/05\/30\/baustart-fuer-drei-neue-produktionshallen-mit-integriertem-buerotrakt\/#primaryimage","url":"https:\/\/www.noegel.de\/wp-content\/uploads\/2024\/05\/Entwurf-Hallen_ohne_Buero_Neu-scaled.jpg","contentUrl":"https:\/\/www.noegel.de\/wp-content\/uploads\/2024\/05\/Entwurf-Hallen_ohne_Buero_Neu-scaled.jpg","width":2560,"height":2381},{"@type":"BreadcrumbList","@id":"https:\/\/www.noegel.de\/2024\/05\/30\/baustart-fuer-drei-neue-produktionshallen-mit-integriertem-buerotrakt\/#breadcrumb","itemListElement":[{"@type":"ListItem","position":1,"name":"Startseite","item":"https:\/\/www.noegel.de\/"},{"@type":"ListItem","position":2,"name":"Baustart f\u00fcr drei neue Produktionshallen mit integriertem B\u00fcrotrakt"}]},{"@type":"WebSite","@id":"https:\/\/www.noegel.de\/#website","url":"https:\/\/www.noegel.de\/","name":"N\u00d6GEL Montagetechnik","description":"...die gute Verbindung","potentialAction":[{"@type":"SearchAction","target":{"@type":"EntryPoint","urlTemplate":"https:\/\/www.noegel.de\/?s={search_term_string}"},"query-input":{"@type":"PropertyValueSpecification","valueRequired":true,"valueName":"search_term_string"}}],"inLanguage":"en-US"},{"@type":"Person","@id":"https:\/\/www.noegel.de\/#\/schema\/person\/b67943b5216be0a2cd07238e8c99e2bc","name":"schoeffel","image":{"@type":"ImageObject","inLanguage":"en-US","@id":"https:\/\/secure.gravatar.com\/avatar\/46420ee3187c4c78281a571257546bbff4ac8302868d8b7af0098dd850ce6c64?s=96&d=mm&r=g","url":"https:\/\/secure.gravatar.com\/avatar\/46420ee3187c4c78281a571257546bbff4ac8302868d8b7af0098dd850ce6c64?s=96&d=mm&r=g","contentUrl":"https:\/\/secure.gravatar.com\/avatar\/46420ee3187c4c78281a571257546bbff4ac8302868d8b7af0098dd850ce6c64?s=96&d=mm&r=g","caption":"schoeffel"},"url":"https:\/\/www.noegel.de\/en\/author\/schoeffel\/"}]}},"_links":{"self":[{"href":"https:\/\/www.noegel.de\/en\/wp-json\/wp\/v2\/posts\/10213","targetHints":{"allow":["GET"]}}],"collection":[{"href":"https:\/\/www.noegel.de\/en\/wp-json\/wp\/v2\/posts"}],"about":[{"href":"https:\/\/www.noegel.de\/en\/wp-json\/wp\/v2\/types\/post"}],"author":[{"embeddable":true,"href":"https:\/\/www.noegel.de\/en\/wp-json\/wp\/v2\/users\/1"}],"replies":[{"embeddable":true,"href":"https:\/\/www.noegel.de\/en\/wp-json\/wp\/v2\/comments?post=10213"}],"version-history":[{"count":1,"href":"https:\/\/www.noegel.de\/en\/wp-json\/wp\/v2\/posts\/10213\/revisions"}],"predecessor-version":[{"id":10215,"href":"https:\/\/www.noegel.de\/en\/wp-json\/wp\/v2\/posts\/10213\/revisions\/10215"}],"wp:featuredmedia":[{"embeddable":true,"href":"https:\/\/www.noegel.de\/en\/wp-json\/wp\/v2\/media\/10214"}],"wp:attachment":[{"href":"https:\/\/www.noegel.de\/en\/wp-json\/wp\/v2\/media?parent=10213"}],"wp:term":[{"taxonomy":"category","embeddable":true,"href":"https:\/\/www.noegel.de\/en\/wp-json\/wp\/v2\/categories?post=10213"},{"taxonomy":"post_tag","embeddable":true,"href":"https:\/\/www.noegel.de\/en\/wp-json\/wp\/v2\/tags?post=10213"}],"curies":[{"name":"wp","href":"https:\/\/api.w.org\/{rel}","templated":true}]}}