{"id":11498,"date":"2025-06-05T16:13:47","date_gmt":"2025-06-05T14:13:47","guid":{"rendered":"https:\/\/www.noegel.de\/?p=11498"},"modified":"2025-06-05T16:13:54","modified_gmt":"2025-06-05T14:13:54","slug":"noegel-unterstuetzt-oberschule-am-see-in-twist-zum-50-jaehrigen-jubilaeum","status":"publish","type":"post","link":"https:\/\/www.noegel.de\/nl\/2025\/06\/05\/noegel-unterstuetzt-oberschule-am-see-in-twist-zum-50-jaehrigen-jubilaeum\/","title":{"rendered":"N\u00f6gel unterst\u00fctzt Oberschule am See in Twist zum 50-j\u00e4hrigen Jubil\u00e4um"},"content":{"rendered":"<div class=\"wpb-content-wrapper\">[vc_row][vc_column][vc_column_text css=&#8221;&#8221;]Anl\u00e4sslich des 50-j\u00e4hrigen Schuljubil\u00e4ums der Oberschule am See in Twist \u00fcberreichte die Firma <strong>N\u00f6gel Montagetechnik<\/strong> eine Spende in H\u00f6he von <strong>250\u202fEuro<\/strong> zur Anschaffung von Werkmaterialien f\u00fcr den Werkunterricht. Zus\u00e4tzlich erhielt die Schule ein hochwertiges <strong>Schraubensortiment im Wert von 100\u202fEuro<\/strong>, um die praktische Ausbildung weiter zu f\u00f6rdern.<\/p>\n<p>&nbsp;<\/p>\n<p>Die Spenden\u00fcbergabe fand im Rahmen des Werkunterrichts statt. Mit dabei waren unter anderem <strong>Fabian Sch\u00f6ffel<\/strong> (Leitung Marketing bei N\u00f6gel, ganz links auf dem Foto), <strong>Klaus Krieger<\/strong> (Gesch\u00e4ftsf\u00fchrer N\u00f6gel, rechts daneben) sowie <strong>Holger Behnen<\/strong>, Lehrer an der Oberschule Twist (ganz rechts).<\/p>\n<p>&nbsp;<\/p>\n<p>Diese Aktion unterstreicht die <strong>langj\u00e4hrige Partnerschaft zwischen N\u00f6gel und der Oberschule am See<\/strong>, die sich insbesondere in der gemeinsamen F\u00f6rderung junger Talente im gewerblich-technischen Bereich zeigt. N\u00f6gel begleitet die Schule bereits seit vielen Jahren im Bereich <strong>Ausbildung und Berufsorientierung<\/strong> \u2013 unter anderem durch Praktikumspl\u00e4tze, Betriebsf\u00fchrungen und gemeinsame Projekte.<\/p>\n<p>Mit dieser Spende m\u00f6chte N\u00f6gel das handwerkliche Lernen weiter st\u00e4rken und seinen Beitrag zur Nachwuchsf\u00f6rderung in der Region leisten.[\/vc_column_text][\/vc_column][\/vc_row]\n<\/div>","protected":false},"excerpt":{"rendered":"<p>[vc_row][vc_column][vc_column_text css=&#8221;&#8221;]Anl\u00e4sslich des 50-j\u00e4hrigen Schuljubil\u00e4ums der Oberschule am See in Twist \u00fcberreichte die Firma N\u00f6gel Montagetechnik eine Spende in H\u00f6he von 250\u202fEuro zur Anschaffung von Werkmaterialien f\u00fcr den Werkunterricht. Zus\u00e4tzlich erhielt die Schule ein hochwertiges Schraubensortiment im Wert von 100\u202fEuro, &hellip;<\/p>\n","protected":false},"author":1,"featured_media":11499,"comment_status":"closed","ping_status":"closed","sticky":false,"template":"","format":"standard","meta":{"footnotes":""},"categories":[1],"tags":[],"class_list":["post-11498","post","type-post","status-publish","format-standard","has-post-thumbnail","hentry","category-aktuelles"],"translation":{"provider":"WPGlobus","version":"3.0.2","language":"nl","enabled_languages":["de","nl","en"],"languages":{"de":{"title":true,"content":true,"excerpt":false},"nl":{"title":false,"content":false,"excerpt":false},"en":{"title":false,"content":false,"excerpt":false}}},"yoast_head":"<!-- This site is optimized with the Yoast SEO plugin v27.5 - https:\/\/yoast.com\/product\/yoast-seo-wordpress\/ -->\n<title>N\u00f6gel unterst\u00fctzt Oberschule am See in Twist zum 50-j\u00e4hrigen Jubil\u00e4um - N\u00d6GEL Montagetechnik<\/title>\n<meta name=\"robots\" content=\"index, follow, max-snippet:-1, max-image-preview:large, max-video-preview:-1\" \/>\n<link rel=\"canonical\" href=\"https:\/\/www.noegel.de\/2025\/06\/05\/noegel-unterstuetzt-oberschule-am-see-in-twist-zum-50-jaehrigen-jubilaeum\/\" \/>\n<meta property=\"og:locale\" content=\"nl_NL\" \/>\n<meta property=\"og:type\" content=\"article\" \/>\n<meta property=\"og:title\" content=\"N\u00f6gel unterst\u00fctzt Oberschule am See in Twist zum 50-j\u00e4hrigen Jubil\u00e4um - N\u00d6GEL Montagetechnik\" \/>\n<meta property=\"og:url\" content=\"https:\/\/www.noegel.de\/2025\/06\/05\/noegel-unterstuetzt-oberschule-am-see-in-twist-zum-50-jaehrigen-jubilaeum\/\" \/>\n<meta property=\"og:site_name\" content=\"N\u00d6GEL Montagetechnik\" \/>\n<meta property=\"article:publisher\" content=\"https:\/\/www.facebook.com\/noegel.montagetechnik\" \/>\n<meta property=\"article:published_time\" content=\"2025-06-05T14:13:47+00:00\" \/>\n<meta property=\"article:modified_time\" content=\"2025-06-05T14:13:54+00:00\" \/>\n<meta property=\"og:image\" content=\"https:\/\/www.noegel.de\/wp-content\/uploads\/2025\/06\/Foto.jpg\" \/>\n\t<meta property=\"og:image:width\" content=\"1440\" \/>\n\t<meta property=\"og:image:height\" content=\"1080\" \/>\n\t<meta property=\"og:image:type\" content=\"image\/jpeg\" \/>\n<meta name=\"author\" content=\"schoeffel\" \/>\n<meta name=\"twitter:card\" content=\"summary_large_image\" \/>\n<meta name=\"twitter:label1\" content=\"Geschreven door\" \/>\n\t<meta name=\"twitter:data1\" content=\"schoeffel\" \/>\n\t<meta name=\"twitter:label2\" content=\"Geschatte leestijd\" \/>\n\t<meta name=\"twitter:data2\" content=\"2 minuten\" \/>\n<script type=\"application\/ld+json\" class=\"yoast-schema-graph\">{\"@context\":\"https:\\\/\\\/schema.org\",\"@graph\":[{\"@type\":\"Article\",\"@id\":\"https:\\\/\\\/www.noegel.de\\\/2025\\\/06\\\/05\\\/noegel-unterstuetzt-oberschule-am-see-in-twist-zum-50-jaehrigen-jubilaeum\\\/#article\",\"isPartOf\":{\"@id\":\"https:\\\/\\\/www.noegel.de\\\/2025\\\/06\\\/05\\\/noegel-unterstuetzt-oberschule-am-see-in-twist-zum-50-jaehrigen-jubilaeum\\\/\"},\"author\":{\"name\":\"schoeffel\",\"@id\":\"https:\\\/\\\/www.noegel.de\\\/#\\\/schema\\\/person\\\/b67943b5216be0a2cd07238e8c99e2bc\"},\"headline\":\"N\u00f6gel unterst\u00fctzt Oberschule am See in Twist zum 50-j\u00e4hrigen Jubil\u00e4um\",\"datePublished\":\"2025-06-05T14:13:47+00:00\",\"dateModified\":\"2025-06-05T14:13:54+00:00\",\"mainEntityOfPage\":{\"@id\":\"https:\\\/\\\/www.noegel.de\\\/2025\\\/06\\\/05\\\/noegel-unterstuetzt-oberschule-am-see-in-twist-zum-50-jaehrigen-jubilaeum\\\/\"},\"wordCount\":207,\"image\":{\"@id\":\"https:\\\/\\\/www.noegel.de\\\/2025\\\/06\\\/05\\\/noegel-unterstuetzt-oberschule-am-see-in-twist-zum-50-jaehrigen-jubilaeum\\\/#primaryimage\"},\"thumbnailUrl\":\"https:\\\/\\\/www.noegel.de\\\/wp-content\\\/uploads\\\/2025\\\/06\\\/Foto.jpg\",\"articleSection\":[\"Aktuelles\"],\"inLanguage\":\"nl-NL\"},{\"@type\":\"WebPage\",\"@id\":\"https:\\\/\\\/www.noegel.de\\\/2025\\\/06\\\/05\\\/noegel-unterstuetzt-oberschule-am-see-in-twist-zum-50-jaehrigen-jubilaeum\\\/\",\"url\":\"https:\\\/\\\/www.noegel.de\\\/2025\\\/06\\\/05\\\/noegel-unterstuetzt-oberschule-am-see-in-twist-zum-50-jaehrigen-jubilaeum\\\/\",\"name\":\"N\u00f6gel unterst\u00fctzt Oberschule am See in Twist zum 50-j\u00e4hrigen Jubil\u00e4um - N\u00d6GEL Montagetechnik\",\"isPartOf\":{\"@id\":\"https:\\\/\\\/www.noegel.de\\\/#website\"},\"primaryImageOfPage\":{\"@id\":\"https:\\\/\\\/www.noegel.de\\\/2025\\\/06\\\/05\\\/noegel-unterstuetzt-oberschule-am-see-in-twist-zum-50-jaehrigen-jubilaeum\\\/#primaryimage\"},\"image\":{\"@id\":\"https:\\\/\\\/www.noegel.de\\\/2025\\\/06\\\/05\\\/noegel-unterstuetzt-oberschule-am-see-in-twist-zum-50-jaehrigen-jubilaeum\\\/#primaryimage\"},\"thumbnailUrl\":\"https:\\\/\\\/www.noegel.de\\\/wp-content\\\/uploads\\\/2025\\\/06\\\/Foto.jpg\",\"datePublished\":\"2025-06-05T14:13:47+00:00\",\"dateModified\":\"2025-06-05T14:13:54+00:00\",\"author\":{\"@id\":\"https:\\\/\\\/www.noegel.de\\\/#\\\/schema\\\/person\\\/b67943b5216be0a2cd07238e8c99e2bc\"},\"breadcrumb\":{\"@id\":\"https:\\\/\\\/www.noegel.de\\\/2025\\\/06\\\/05\\\/noegel-unterstuetzt-oberschule-am-see-in-twist-zum-50-jaehrigen-jubilaeum\\\/#breadcrumb\"},\"inLanguage\":\"nl-NL\",\"potentialAction\":[{\"@type\":\"ReadAction\",\"target\":[\"https:\\\/\\\/www.noegel.de\\\/2025\\\/06\\\/05\\\/noegel-unterstuetzt-oberschule-am-see-in-twist-zum-50-jaehrigen-jubilaeum\\\/\"]}]},{\"@type\":\"ImageObject\",\"inLanguage\":\"nl-NL\",\"@id\":\"https:\\\/\\\/www.noegel.de\\\/2025\\\/06\\\/05\\\/noegel-unterstuetzt-oberschule-am-see-in-twist-zum-50-jaehrigen-jubilaeum\\\/#primaryimage\",\"url\":\"https:\\\/\\\/www.noegel.de\\\/wp-content\\\/uploads\\\/2025\\\/06\\\/Foto.jpg\",\"contentUrl\":\"https:\\\/\\\/www.noegel.de\\\/wp-content\\\/uploads\\\/2025\\\/06\\\/Foto.jpg\",\"width\":1440,\"height\":1080},{\"@type\":\"BreadcrumbList\",\"@id\":\"https:\\\/\\\/www.noegel.de\\\/2025\\\/06\\\/05\\\/noegel-unterstuetzt-oberschule-am-see-in-twist-zum-50-jaehrigen-jubilaeum\\\/#breadcrumb\",\"itemListElement\":[{\"@type\":\"ListItem\",\"position\":1,\"name\":\"Startseite\",\"item\":\"https:\\\/\\\/www.noegel.de\\\/\"},{\"@type\":\"ListItem\",\"position\":2,\"name\":\"N\u00f6gel unterst\u00fctzt Oberschule am See in Twist zum 50-j\u00e4hrigen Jubil\u00e4um\"}]},{\"@type\":\"WebSite\",\"@id\":\"https:\\\/\\\/www.noegel.de\\\/#website\",\"url\":\"https:\\\/\\\/www.noegel.de\\\/\",\"name\":\"N\u00d6GEL Montagetechnik\",\"description\":\"...die gute Verbindung\",\"potentialAction\":[{\"@type\":\"SearchAction\",\"target\":{\"@type\":\"EntryPoint\",\"urlTemplate\":\"https:\\\/\\\/www.noegel.de\\\/?s={search_term_string}\"},\"query-input\":{\"@type\":\"PropertyValueSpecification\",\"valueRequired\":true,\"valueName\":\"search_term_string\"}}],\"inLanguage\":\"nl-NL\"},{\"@type\":\"Person\",\"@id\":\"https:\\\/\\\/www.noegel.de\\\/#\\\/schema\\\/person\\\/b67943b5216be0a2cd07238e8c99e2bc\",\"name\":\"schoeffel\",\"image\":{\"@type\":\"ImageObject\",\"inLanguage\":\"nl-NL\",\"@id\":\"https:\\\/\\\/secure.gravatar.com\\\/avatar\\\/46420ee3187c4c78281a571257546bbff4ac8302868d8b7af0098dd850ce6c64?s=96&d=mm&r=g\",\"url\":\"https:\\\/\\\/secure.gravatar.com\\\/avatar\\\/46420ee3187c4c78281a571257546bbff4ac8302868d8b7af0098dd850ce6c64?s=96&d=mm&r=g\",\"contentUrl\":\"https:\\\/\\\/secure.gravatar.com\\\/avatar\\\/46420ee3187c4c78281a571257546bbff4ac8302868d8b7af0098dd850ce6c64?s=96&d=mm&r=g\",\"caption\":\"schoeffel\"},\"url\":\"https:\\\/\\\/www.noegel.de\\\/nl\\\/author\\\/schoeffel\\\/\"}]}<\/script>\n<!-- \/ Yoast SEO plugin. -->","yoast_head_json":{"title":"N\u00f6gel unterst\u00fctzt Oberschule am See in Twist zum 50-j\u00e4hrigen Jubil\u00e4um - N\u00d6GEL Montagetechnik","robots":{"index":"index","follow":"follow","max-snippet":"max-snippet:-1","max-image-preview":"max-image-preview:large","max-video-preview":"max-video-preview:-1"},"canonical":"https:\/\/www.noegel.de\/2025\/06\/05\/noegel-unterstuetzt-oberschule-am-see-in-twist-zum-50-jaehrigen-jubilaeum\/","og_locale":"nl_NL","og_type":"article","og_title":"N\u00f6gel unterst\u00fctzt Oberschule am See in Twist zum 50-j\u00e4hrigen Jubil\u00e4um - N\u00d6GEL Montagetechnik","og_url":"https:\/\/www.noegel.de\/2025\/06\/05\/noegel-unterstuetzt-oberschule-am-see-in-twist-zum-50-jaehrigen-jubilaeum\/","og_site_name":"N\u00d6GEL Montagetechnik","article_publisher":"https:\/\/www.facebook.com\/noegel.montagetechnik","article_published_time":"2025-06-05T14:13:47+00:00","article_modified_time":"2025-06-05T14:13:54+00:00","og_image":[{"width":1440,"height":1080,"url":"https:\/\/www.noegel.de\/wp-content\/uploads\/2025\/06\/Foto.jpg","type":"image\/jpeg"}],"author":"schoeffel","twitter_card":"summary_large_image","twitter_misc":{"Geschreven door":"schoeffel","Geschatte leestijd":"2 minuten"},"schema":{"@context":"https:\/\/schema.org","@graph":[{"@type":"Article","@id":"https:\/\/www.noegel.de\/2025\/06\/05\/noegel-unterstuetzt-oberschule-am-see-in-twist-zum-50-jaehrigen-jubilaeum\/#article","isPartOf":{"@id":"https:\/\/www.noegel.de\/2025\/06\/05\/noegel-unterstuetzt-oberschule-am-see-in-twist-zum-50-jaehrigen-jubilaeum\/"},"author":{"name":"schoeffel","@id":"https:\/\/www.noegel.de\/#\/schema\/person\/b67943b5216be0a2cd07238e8c99e2bc"},"headline":"N\u00f6gel unterst\u00fctzt Oberschule am See in Twist zum 50-j\u00e4hrigen Jubil\u00e4um","datePublished":"2025-06-05T14:13:47+00:00","dateModified":"2025-06-05T14:13:54+00:00","mainEntityOfPage":{"@id":"https:\/\/www.noegel.de\/2025\/06\/05\/noegel-unterstuetzt-oberschule-am-see-in-twist-zum-50-jaehrigen-jubilaeum\/"},"wordCount":207,"image":{"@id":"https:\/\/www.noegel.de\/2025\/06\/05\/noegel-unterstuetzt-oberschule-am-see-in-twist-zum-50-jaehrigen-jubilaeum\/#primaryimage"},"thumbnailUrl":"https:\/\/www.noegel.de\/wp-content\/uploads\/2025\/06\/Foto.jpg","articleSection":["Aktuelles"],"inLanguage":"nl-NL"},{"@type":"WebPage","@id":"https:\/\/www.noegel.de\/2025\/06\/05\/noegel-unterstuetzt-oberschule-am-see-in-twist-zum-50-jaehrigen-jubilaeum\/","url":"https:\/\/www.noegel.de\/2025\/06\/05\/noegel-unterstuetzt-oberschule-am-see-in-twist-zum-50-jaehrigen-jubilaeum\/","name":"N\u00f6gel unterst\u00fctzt Oberschule am See in Twist zum 50-j\u00e4hrigen Jubil\u00e4um - N\u00d6GEL Montagetechnik","isPartOf":{"@id":"https:\/\/www.noegel.de\/#website"},"primaryImageOfPage":{"@id":"https:\/\/www.noegel.de\/2025\/06\/05\/noegel-unterstuetzt-oberschule-am-see-in-twist-zum-50-jaehrigen-jubilaeum\/#primaryimage"},"image":{"@id":"https:\/\/www.noegel.de\/2025\/06\/05\/noegel-unterstuetzt-oberschule-am-see-in-twist-zum-50-jaehrigen-jubilaeum\/#primaryimage"},"thumbnailUrl":"https:\/\/www.noegel.de\/wp-content\/uploads\/2025\/06\/Foto.jpg","datePublished":"2025-06-05T14:13:47+00:00","dateModified":"2025-06-05T14:13:54+00:00","author":{"@id":"https:\/\/www.noegel.de\/#\/schema\/person\/b67943b5216be0a2cd07238e8c99e2bc"},"breadcrumb":{"@id":"https:\/\/www.noegel.de\/2025\/06\/05\/noegel-unterstuetzt-oberschule-am-see-in-twist-zum-50-jaehrigen-jubilaeum\/#breadcrumb"},"inLanguage":"nl-NL","potentialAction":[{"@type":"ReadAction","target":["https:\/\/www.noegel.de\/2025\/06\/05\/noegel-unterstuetzt-oberschule-am-see-in-twist-zum-50-jaehrigen-jubilaeum\/"]}]},{"@type":"ImageObject","inLanguage":"nl-NL","@id":"https:\/\/www.noegel.de\/2025\/06\/05\/noegel-unterstuetzt-oberschule-am-see-in-twist-zum-50-jaehrigen-jubilaeum\/#primaryimage","url":"https:\/\/www.noegel.de\/wp-content\/uploads\/2025\/06\/Foto.jpg","contentUrl":"https:\/\/www.noegel.de\/wp-content\/uploads\/2025\/06\/Foto.jpg","width":1440,"height":1080},{"@type":"BreadcrumbList","@id":"https:\/\/www.noegel.de\/2025\/06\/05\/noegel-unterstuetzt-oberschule-am-see-in-twist-zum-50-jaehrigen-jubilaeum\/#breadcrumb","itemListElement":[{"@type":"ListItem","position":1,"name":"Startseite","item":"https:\/\/www.noegel.de\/"},{"@type":"ListItem","position":2,"name":"N\u00f6gel unterst\u00fctzt Oberschule am See in Twist zum 50-j\u00e4hrigen Jubil\u00e4um"}]},{"@type":"WebSite","@id":"https:\/\/www.noegel.de\/#website","url":"https:\/\/www.noegel.de\/","name":"N\u00d6GEL Montagetechnik","description":"...die gute Verbindung","potentialAction":[{"@type":"SearchAction","target":{"@type":"EntryPoint","urlTemplate":"https:\/\/www.noegel.de\/?s={search_term_string}"},"query-input":{"@type":"PropertyValueSpecification","valueRequired":true,"valueName":"search_term_string"}}],"inLanguage":"nl-NL"},{"@type":"Person","@id":"https:\/\/www.noegel.de\/#\/schema\/person\/b67943b5216be0a2cd07238e8c99e2bc","name":"schoeffel","image":{"@type":"ImageObject","inLanguage":"nl-NL","@id":"https:\/\/secure.gravatar.com\/avatar\/46420ee3187c4c78281a571257546bbff4ac8302868d8b7af0098dd850ce6c64?s=96&d=mm&r=g","url":"https:\/\/secure.gravatar.com\/avatar\/46420ee3187c4c78281a571257546bbff4ac8302868d8b7af0098dd850ce6c64?s=96&d=mm&r=g","contentUrl":"https:\/\/secure.gravatar.com\/avatar\/46420ee3187c4c78281a571257546bbff4ac8302868d8b7af0098dd850ce6c64?s=96&d=mm&r=g","caption":"schoeffel"},"url":"https:\/\/www.noegel.de\/nl\/author\/schoeffel\/"}]}},"_links":{"self":[{"href":"https:\/\/www.noegel.de\/nl\/wp-json\/wp\/v2\/posts\/11498","targetHints":{"allow":["GET"]}}],"collection":[{"href":"https:\/\/www.noegel.de\/nl\/wp-json\/wp\/v2\/posts"}],"about":[{"href":"https:\/\/www.noegel.de\/nl\/wp-json\/wp\/v2\/types\/post"}],"author":[{"embeddable":true,"href":"https:\/\/www.noegel.de\/nl\/wp-json\/wp\/v2\/users\/1"}],"replies":[{"embeddable":true,"href":"https:\/\/www.noegel.de\/nl\/wp-json\/wp\/v2\/comments?post=11498"}],"version-history":[{"count":1,"href":"https:\/\/www.noegel.de\/nl\/wp-json\/wp\/v2\/posts\/11498\/revisions"}],"predecessor-version":[{"id":11500,"href":"https:\/\/www.noegel.de\/nl\/wp-json\/wp\/v2\/posts\/11498\/revisions\/11500"}],"wp:featuredmedia":[{"embeddable":true,"href":"https:\/\/www.noegel.de\/nl\/wp-json\/wp\/v2\/media\/11499"}],"wp:attachment":[{"href":"https:\/\/www.noegel.de\/nl\/wp-json\/wp\/v2\/media?parent=11498"}],"wp:term":[{"taxonomy":"category","embeddable":true,"href":"https:\/\/www.noegel.de\/nl\/wp-json\/wp\/v2\/categories?post=11498"},{"taxonomy":"post_tag","embeddable":true,"href":"https:\/\/www.noegel.de\/nl\/wp-json\/wp\/v2\/tags?post=11498"}],"curies":[{"name":"wp","href":"https:\/\/api.w.org\/{rel}","templated":true}]}}