{"id":2030,"date":"2017-04-10T10:56:03","date_gmt":"2017-04-10T08:56:03","guid":{"rendered":"http:\/\/noegel.de\/?p=2030"},"modified":"2022-05-30T16:00:38","modified_gmt":"2022-05-30T14:00:38","slug":"wirtschaft-trifft-talente-35-emslandstipendien-fuer-mehr-als-nur-gute-noten","status":"publish","type":"post","link":"https:\/\/www.noegel.de\/nl\/2017\/04\/10\/wirtschaft-trifft-talente-35-emslandstipendien-fuer-mehr-als-nur-gute-noten\/","title":{"rendered":"Wirtschaft trifft Talente: 35 EmslandStipendien f\u00fcr mehr als nur gute Noten"},"content":{"rendered":"<p><strong>Meppen<\/strong>. Bereits zum dritten Mal hat der Wirtschaftsverband Emsland e.V. talentierte Studierende der Hochschule Osnabr\u00fcck (Campus Lingen) mit dem EmslandStipendium ausgezeichnet. Insgesamt 24 Mitgliedsunternehmen und weitere Partner des Verbandes setzen sich mit bis zu drei Stipendien pro Stifter f\u00fcr die F\u00f6rderung der jungen Nachwuchskr\u00e4fte ein. In diesem Jahr erhalten 35 Studierende die Auszeichnung f\u00fcr besonderes soziales Engagement und vorbildliche Studienleistungen.<\/p>\n<p>&nbsp;<\/p>\n<p>Dass Stipendiaten des EmslandStipendiums nicht nur mit guten Noten punkten k\u00f6nnen, haben die Studierenden auch durch ihre aktive Mitgestaltung der Verleihungsfeier unter Beweis gestellt. Getreu dem Motto des Stipendienprogramms \u201eWirtschaft trifft Talente\u201c \u00fcbernahmen Friedhelm Bruns und Lena Horsch als Stipendiaten selbst die Moderation ihrer eigenen Verleihungsfeier im Kulturforum St. Michael. Musikalische Abwechslung und am\u00fcsante Unterhaltung wurde au\u00dferdem von Sarah Brede, Hedwig Warnek, Marie Gro\u00df und Friedhelm Bruns geboten. Dabei konnten sich die Stifter nicht nur selbst vom Talent ihrer Stipendiaten \u00fcberzeugen. Auch das eigentliche Ziel des F\u00f6rderprogramms, n\u00e4mlich die aktive Einbindung von Studierenden in Unternehmen, wird damit deutlich.<br \/>\nDenn f\u00fcr die emsl\u00e4ndische Wirtschaft ist es wichtig, Studierende in der Region fr\u00fchzeitig zu f\u00f6rdern und den direkten Kontakt zu den Unternehmen herzustellen. \u201eMit dem EmslandStipendium erreichen wir genau das. Wir k\u00f6nnen jungen Nachwuchskr\u00e4ften die M\u00f6glichkeit bieten, sich aktiv an Projekten in unseren Unternehmen zu beteiligen und Theorie und Praxis zu verkn\u00fcpfen\u201c, betont Frau Borgmann, Vorsitzende des Wirtschaftsverbandes Emsland e.V. Gleichzeitig profitierten die f\u00f6rdernden Unternehmen von Wissenstransfer und Talent der Studierenden.<br \/>\nAuch in diesem Jahr hatten wieder Studierende aller Fachrichtungen am Campus Lingen ab dem dritten Fachsemester die Chance auf ein EmslandStipendium. Gef\u00f6rdert werden von knapp 110 Bewerbern insgesamt 35 Studierende, vom angehenden Theaterp\u00e4dagogen bis hin zum k\u00fcnftigen Maschinenbauer. Alle Stipendiaten d\u00fcrfen sich \u00fcber einen monatlichen F\u00f6rderbeitrag von 100,00 Euro freuen. Studierende, die ein unternehmensgebundenes Stipendium erhalten haben, k\u00f6nnen zus\u00e4tzlich in dem sie f\u00f6rdernden Mitgliedsunternehmen ihr Praktikum absolvieren, ihre Abschlussarbeit schreiben oder auch erste praktische Erfahrungen sammeln. Mit einem freien Stipendium kommen nicht nur die Stipendiaten mit der monatlichen F\u00f6rdersumme auf ihre Kosten. Auch die Region Emsland wird dadurch finanziell von den Unternehmen unterst\u00fctzt.<\/p>\n<p>&nbsp;<\/p>\n<p>Der Sponsor und Gastgeber des Abends, Herr Gnass von der EMCO Group, begr\u00fc\u00dfte vor allem den bisherigen Erfolg des Stipendienprogramms. So seien bereits einige bereichernde Zusammenarbeiten zwischen Studierenden und Unternehmen zu Stande gekommen. Auch die Kontaktaufnahme zu den aktuellen Stipendiaten und deren Projektideen seien vielversprechend und werden sicherlich an den Erfolg der vergangenen Jahre ankn\u00fcpfen k\u00f6nnen. Diese \u00dcberzeugung teilt auch Prof. Dr. Thomas Steinkamp, Dekan der Fakult\u00e4t Management, Kultur und Technik am Campus Lingen: \u201eDas EmslandStipendium ist mittlerweile nicht nur bei den Studierenden am Campus Lingen beliebt, sondern wird auch von Studieninteressierten aus anderen Regionen wahrgenommen und tr\u00e4gt so zur Attraktivit\u00e4t des Campus Lingen bei. Damit ist die Kooperation von Bildung und Wirtschaft f\u00fcr alle Seiten profitabel und kommt der Zukunft unserer Region zu Gute.\u201c<\/p>\n<p>&nbsp;<\/p>\n<p>Wirtschaftsverband Emsland e.V.<\/p>\n<p>Mechtild Wessling<\/p>\n<p>Tel.: 05931 \/ 5959611<\/p>\n","protected":false},"excerpt":{"rendered":"<p>Meppen. Bereits zum dritten Mal hat der Wirtschaftsverband Emsland e.V. talentierte Studierende der Hochschule Osnabr\u00fcck (Campus Lingen) mit dem EmslandStipendium ausgezeichnet. Insgesamt 24 Mitgliedsunternehmen und weitere Partner des Verbandes setzen sich mit bis zu drei Stipendien pro Stifter f\u00fcr die &hellip;<\/p>\n","protected":false},"author":1,"featured_media":2031,"comment_status":"closed","ping_status":"closed","sticky":false,"template":"","format":"standard","meta":{"footnotes":""},"categories":[1],"tags":[],"class_list":["post-2030","post","type-post","status-publish","format-standard","has-post-thumbnail","hentry","category-aktuelles"],"translation":{"provider":"WPGlobus","version":"3.0.2","language":"nl","enabled_languages":["de","nl","en"],"languages":{"de":{"title":true,"content":true,"excerpt":false},"nl":{"title":false,"content":false,"excerpt":false},"en":{"title":false,"content":false,"excerpt":false}}},"yoast_head":"<!-- This site is optimized with the Yoast SEO plugin v27.4 - https:\/\/yoast.com\/product\/yoast-seo-wordpress\/ -->\n<title>Wirtschaft trifft Talente: 35 EmslandStipendien f\u00fcr mehr als nur gute Noten - N\u00d6GEL Montagetechnik<\/title>\n<meta name=\"robots\" content=\"index, follow, max-snippet:-1, max-image-preview:large, max-video-preview:-1\" \/>\n<link rel=\"canonical\" href=\"https:\/\/www.noegel.de\/2017\/04\/10\/wirtschaft-trifft-talente-35-emslandstipendien-fuer-mehr-als-nur-gute-noten\/\" \/>\n<meta property=\"og:locale\" content=\"nl_NL\" \/>\n<meta property=\"og:type\" content=\"article\" \/>\n<meta property=\"og:title\" content=\"Wirtschaft trifft Talente: 35 EmslandStipendien f\u00fcr mehr als nur gute Noten - N\u00d6GEL Montagetechnik\" \/>\n<meta property=\"og:url\" content=\"https:\/\/www.noegel.de\/2017\/04\/10\/wirtschaft-trifft-talente-35-emslandstipendien-fuer-mehr-als-nur-gute-noten\/\" \/>\n<meta property=\"og:site_name\" content=\"N\u00d6GEL Montagetechnik\" \/>\n<meta property=\"article:publisher\" content=\"https:\/\/www.facebook.com\/noegel.montagetechnik\" \/>\n<meta property=\"article:published_time\" content=\"2017-04-10T08:56:03+00:00\" \/>\n<meta property=\"article:modified_time\" content=\"2022-05-30T14:00:38+00:00\" \/>\n<meta property=\"og:image\" content=\"https:\/\/www.noegel.de\/wp-content\/uploads\/2017\/04\/N\u00f6gel.jpg\" \/>\n\t<meta property=\"og:image:width\" content=\"2835\" \/>\n\t<meta property=\"og:image:height\" content=\"1896\" \/>\n\t<meta property=\"og:image:type\" content=\"image\/jpeg\" \/>\n<meta name=\"author\" content=\"schoeffel\" \/>\n<meta name=\"twitter:card\" content=\"summary_large_image\" \/>\n<meta name=\"twitter:label1\" content=\"Geschreven door\" \/>\n\t<meta name=\"twitter:data1\" content=\"schoeffel\" \/>\n\t<meta name=\"twitter:label2\" content=\"Geschatte leestijd\" \/>\n\t<meta name=\"twitter:data2\" content=\"3 minuten\" \/>\n<script type=\"application\/ld+json\" class=\"yoast-schema-graph\">{\"@context\":\"https:\\\/\\\/schema.org\",\"@graph\":[{\"@type\":\"Article\",\"@id\":\"https:\\\/\\\/www.noegel.de\\\/2017\\\/04\\\/10\\\/wirtschaft-trifft-talente-35-emslandstipendien-fuer-mehr-als-nur-gute-noten\\\/#article\",\"isPartOf\":{\"@id\":\"https:\\\/\\\/www.noegel.de\\\/2017\\\/04\\\/10\\\/wirtschaft-trifft-talente-35-emslandstipendien-fuer-mehr-als-nur-gute-noten\\\/\"},\"author\":{\"name\":\"schoeffel\",\"@id\":\"https:\\\/\\\/www.noegel.de\\\/#\\\/schema\\\/person\\\/b67943b5216be0a2cd07238e8c99e2bc\"},\"headline\":\"Wirtschaft trifft Talente: 35 EmslandStipendien f\u00fcr mehr als nur gute Noten\",\"datePublished\":\"2017-04-10T08:56:03+00:00\",\"dateModified\":\"2022-05-30T14:00:38+00:00\",\"mainEntityOfPage\":{\"@id\":\"https:\\\/\\\/www.noegel.de\\\/2017\\\/04\\\/10\\\/wirtschaft-trifft-talente-35-emslandstipendien-fuer-mehr-als-nur-gute-noten\\\/\"},\"wordCount\":511,\"image\":{\"@id\":\"https:\\\/\\\/www.noegel.de\\\/2017\\\/04\\\/10\\\/wirtschaft-trifft-talente-35-emslandstipendien-fuer-mehr-als-nur-gute-noten\\\/#primaryimage\"},\"thumbnailUrl\":\"https:\\\/\\\/www.noegel.de\\\/wp-content\\\/uploads\\\/2017\\\/04\\\/N\u00f6gel.jpg\",\"articleSection\":[\"Aktuelles\"],\"inLanguage\":\"nl-NL\"},{\"@type\":\"WebPage\",\"@id\":\"https:\\\/\\\/www.noegel.de\\\/2017\\\/04\\\/10\\\/wirtschaft-trifft-talente-35-emslandstipendien-fuer-mehr-als-nur-gute-noten\\\/\",\"url\":\"https:\\\/\\\/www.noegel.de\\\/2017\\\/04\\\/10\\\/wirtschaft-trifft-talente-35-emslandstipendien-fuer-mehr-als-nur-gute-noten\\\/\",\"name\":\"Wirtschaft trifft Talente: 35 EmslandStipendien f\u00fcr mehr als nur gute Noten - N\u00d6GEL Montagetechnik\",\"isPartOf\":{\"@id\":\"https:\\\/\\\/www.noegel.de\\\/#website\"},\"primaryImageOfPage\":{\"@id\":\"https:\\\/\\\/www.noegel.de\\\/2017\\\/04\\\/10\\\/wirtschaft-trifft-talente-35-emslandstipendien-fuer-mehr-als-nur-gute-noten\\\/#primaryimage\"},\"image\":{\"@id\":\"https:\\\/\\\/www.noegel.de\\\/2017\\\/04\\\/10\\\/wirtschaft-trifft-talente-35-emslandstipendien-fuer-mehr-als-nur-gute-noten\\\/#primaryimage\"},\"thumbnailUrl\":\"https:\\\/\\\/www.noegel.de\\\/wp-content\\\/uploads\\\/2017\\\/04\\\/N\u00f6gel.jpg\",\"datePublished\":\"2017-04-10T08:56:03+00:00\",\"dateModified\":\"2022-05-30T14:00:38+00:00\",\"author\":{\"@id\":\"https:\\\/\\\/www.noegel.de\\\/#\\\/schema\\\/person\\\/b67943b5216be0a2cd07238e8c99e2bc\"},\"breadcrumb\":{\"@id\":\"https:\\\/\\\/www.noegel.de\\\/2017\\\/04\\\/10\\\/wirtschaft-trifft-talente-35-emslandstipendien-fuer-mehr-als-nur-gute-noten\\\/#breadcrumb\"},\"inLanguage\":\"nl-NL\",\"potentialAction\":[{\"@type\":\"ReadAction\",\"target\":[\"https:\\\/\\\/www.noegel.de\\\/2017\\\/04\\\/10\\\/wirtschaft-trifft-talente-35-emslandstipendien-fuer-mehr-als-nur-gute-noten\\\/\"]}]},{\"@type\":\"ImageObject\",\"inLanguage\":\"nl-NL\",\"@id\":\"https:\\\/\\\/www.noegel.de\\\/2017\\\/04\\\/10\\\/wirtschaft-trifft-talente-35-emslandstipendien-fuer-mehr-als-nur-gute-noten\\\/#primaryimage\",\"url\":\"https:\\\/\\\/www.noegel.de\\\/wp-content\\\/uploads\\\/2017\\\/04\\\/N\u00f6gel.jpg\",\"contentUrl\":\"https:\\\/\\\/www.noegel.de\\\/wp-content\\\/uploads\\\/2017\\\/04\\\/N\u00f6gel.jpg\",\"width\":2835,\"height\":1896},{\"@type\":\"BreadcrumbList\",\"@id\":\"https:\\\/\\\/www.noegel.de\\\/2017\\\/04\\\/10\\\/wirtschaft-trifft-talente-35-emslandstipendien-fuer-mehr-als-nur-gute-noten\\\/#breadcrumb\",\"itemListElement\":[{\"@type\":\"ListItem\",\"position\":1,\"name\":\"Startseite\",\"item\":\"https:\\\/\\\/www.noegel.de\\\/\"},{\"@type\":\"ListItem\",\"position\":2,\"name\":\"Wirtschaft trifft Talente: 35 EmslandStipendien f\u00fcr mehr als nur gute Noten\"}]},{\"@type\":\"WebSite\",\"@id\":\"https:\\\/\\\/www.noegel.de\\\/#website\",\"url\":\"https:\\\/\\\/www.noegel.de\\\/\",\"name\":\"N\u00d6GEL Montagetechnik\",\"description\":\"...die gute Verbindung\",\"potentialAction\":[{\"@type\":\"SearchAction\",\"target\":{\"@type\":\"EntryPoint\",\"urlTemplate\":\"https:\\\/\\\/www.noegel.de\\\/?s={search_term_string}\"},\"query-input\":{\"@type\":\"PropertyValueSpecification\",\"valueRequired\":true,\"valueName\":\"search_term_string\"}}],\"inLanguage\":\"nl-NL\"},{\"@type\":\"Person\",\"@id\":\"https:\\\/\\\/www.noegel.de\\\/#\\\/schema\\\/person\\\/b67943b5216be0a2cd07238e8c99e2bc\",\"name\":\"schoeffel\",\"image\":{\"@type\":\"ImageObject\",\"inLanguage\":\"nl-NL\",\"@id\":\"https:\\\/\\\/secure.gravatar.com\\\/avatar\\\/46420ee3187c4c78281a571257546bbff4ac8302868d8b7af0098dd850ce6c64?s=96&d=mm&r=g\",\"url\":\"https:\\\/\\\/secure.gravatar.com\\\/avatar\\\/46420ee3187c4c78281a571257546bbff4ac8302868d8b7af0098dd850ce6c64?s=96&d=mm&r=g\",\"contentUrl\":\"https:\\\/\\\/secure.gravatar.com\\\/avatar\\\/46420ee3187c4c78281a571257546bbff4ac8302868d8b7af0098dd850ce6c64?s=96&d=mm&r=g\",\"caption\":\"schoeffel\"},\"url\":\"https:\\\/\\\/www.noegel.de\\\/nl\\\/author\\\/schoeffel\\\/\"}]}<\/script>\n<!-- \/ Yoast SEO plugin. -->","yoast_head_json":{"title":"Wirtschaft trifft Talente: 35 EmslandStipendien f\u00fcr mehr als nur gute Noten - N\u00d6GEL Montagetechnik","robots":{"index":"index","follow":"follow","max-snippet":"max-snippet:-1","max-image-preview":"max-image-preview:large","max-video-preview":"max-video-preview:-1"},"canonical":"https:\/\/www.noegel.de\/2017\/04\/10\/wirtschaft-trifft-talente-35-emslandstipendien-fuer-mehr-als-nur-gute-noten\/","og_locale":"nl_NL","og_type":"article","og_title":"Wirtschaft trifft Talente: 35 EmslandStipendien f\u00fcr mehr als nur gute Noten - N\u00d6GEL Montagetechnik","og_url":"https:\/\/www.noegel.de\/2017\/04\/10\/wirtschaft-trifft-talente-35-emslandstipendien-fuer-mehr-als-nur-gute-noten\/","og_site_name":"N\u00d6GEL Montagetechnik","article_publisher":"https:\/\/www.facebook.com\/noegel.montagetechnik","article_published_time":"2017-04-10T08:56:03+00:00","article_modified_time":"2022-05-30T14:00:38+00:00","og_image":[{"width":2835,"height":1896,"url":"https:\/\/www.noegel.de\/wp-content\/uploads\/2017\/04\/N\u00f6gel.jpg","type":"image\/jpeg"}],"author":"schoeffel","twitter_card":"summary_large_image","twitter_misc":{"Geschreven door":"schoeffel","Geschatte leestijd":"3 minuten"},"schema":{"@context":"https:\/\/schema.org","@graph":[{"@type":"Article","@id":"https:\/\/www.noegel.de\/2017\/04\/10\/wirtschaft-trifft-talente-35-emslandstipendien-fuer-mehr-als-nur-gute-noten\/#article","isPartOf":{"@id":"https:\/\/www.noegel.de\/2017\/04\/10\/wirtschaft-trifft-talente-35-emslandstipendien-fuer-mehr-als-nur-gute-noten\/"},"author":{"name":"schoeffel","@id":"https:\/\/www.noegel.de\/#\/schema\/person\/b67943b5216be0a2cd07238e8c99e2bc"},"headline":"Wirtschaft trifft Talente: 35 EmslandStipendien f\u00fcr mehr als nur gute Noten","datePublished":"2017-04-10T08:56:03+00:00","dateModified":"2022-05-30T14:00:38+00:00","mainEntityOfPage":{"@id":"https:\/\/www.noegel.de\/2017\/04\/10\/wirtschaft-trifft-talente-35-emslandstipendien-fuer-mehr-als-nur-gute-noten\/"},"wordCount":511,"image":{"@id":"https:\/\/www.noegel.de\/2017\/04\/10\/wirtschaft-trifft-talente-35-emslandstipendien-fuer-mehr-als-nur-gute-noten\/#primaryimage"},"thumbnailUrl":"https:\/\/www.noegel.de\/wp-content\/uploads\/2017\/04\/N\u00f6gel.jpg","articleSection":["Aktuelles"],"inLanguage":"nl-NL"},{"@type":"WebPage","@id":"https:\/\/www.noegel.de\/2017\/04\/10\/wirtschaft-trifft-talente-35-emslandstipendien-fuer-mehr-als-nur-gute-noten\/","url":"https:\/\/www.noegel.de\/2017\/04\/10\/wirtschaft-trifft-talente-35-emslandstipendien-fuer-mehr-als-nur-gute-noten\/","name":"Wirtschaft trifft Talente: 35 EmslandStipendien f\u00fcr mehr als nur gute Noten - N\u00d6GEL Montagetechnik","isPartOf":{"@id":"https:\/\/www.noegel.de\/#website"},"primaryImageOfPage":{"@id":"https:\/\/www.noegel.de\/2017\/04\/10\/wirtschaft-trifft-talente-35-emslandstipendien-fuer-mehr-als-nur-gute-noten\/#primaryimage"},"image":{"@id":"https:\/\/www.noegel.de\/2017\/04\/10\/wirtschaft-trifft-talente-35-emslandstipendien-fuer-mehr-als-nur-gute-noten\/#primaryimage"},"thumbnailUrl":"https:\/\/www.noegel.de\/wp-content\/uploads\/2017\/04\/N\u00f6gel.jpg","datePublished":"2017-04-10T08:56:03+00:00","dateModified":"2022-05-30T14:00:38+00:00","author":{"@id":"https:\/\/www.noegel.de\/#\/schema\/person\/b67943b5216be0a2cd07238e8c99e2bc"},"breadcrumb":{"@id":"https:\/\/www.noegel.de\/2017\/04\/10\/wirtschaft-trifft-talente-35-emslandstipendien-fuer-mehr-als-nur-gute-noten\/#breadcrumb"},"inLanguage":"nl-NL","potentialAction":[{"@type":"ReadAction","target":["https:\/\/www.noegel.de\/2017\/04\/10\/wirtschaft-trifft-talente-35-emslandstipendien-fuer-mehr-als-nur-gute-noten\/"]}]},{"@type":"ImageObject","inLanguage":"nl-NL","@id":"https:\/\/www.noegel.de\/2017\/04\/10\/wirtschaft-trifft-talente-35-emslandstipendien-fuer-mehr-als-nur-gute-noten\/#primaryimage","url":"https:\/\/www.noegel.de\/wp-content\/uploads\/2017\/04\/N\u00f6gel.jpg","contentUrl":"https:\/\/www.noegel.de\/wp-content\/uploads\/2017\/04\/N\u00f6gel.jpg","width":2835,"height":1896},{"@type":"BreadcrumbList","@id":"https:\/\/www.noegel.de\/2017\/04\/10\/wirtschaft-trifft-talente-35-emslandstipendien-fuer-mehr-als-nur-gute-noten\/#breadcrumb","itemListElement":[{"@type":"ListItem","position":1,"name":"Startseite","item":"https:\/\/www.noegel.de\/"},{"@type":"ListItem","position":2,"name":"Wirtschaft trifft Talente: 35 EmslandStipendien f\u00fcr mehr als nur gute Noten"}]},{"@type":"WebSite","@id":"https:\/\/www.noegel.de\/#website","url":"https:\/\/www.noegel.de\/","name":"N\u00d6GEL Montagetechnik","description":"...die gute Verbindung","potentialAction":[{"@type":"SearchAction","target":{"@type":"EntryPoint","urlTemplate":"https:\/\/www.noegel.de\/?s={search_term_string}"},"query-input":{"@type":"PropertyValueSpecification","valueRequired":true,"valueName":"search_term_string"}}],"inLanguage":"nl-NL"},{"@type":"Person","@id":"https:\/\/www.noegel.de\/#\/schema\/person\/b67943b5216be0a2cd07238e8c99e2bc","name":"schoeffel","image":{"@type":"ImageObject","inLanguage":"nl-NL","@id":"https:\/\/secure.gravatar.com\/avatar\/46420ee3187c4c78281a571257546bbff4ac8302868d8b7af0098dd850ce6c64?s=96&d=mm&r=g","url":"https:\/\/secure.gravatar.com\/avatar\/46420ee3187c4c78281a571257546bbff4ac8302868d8b7af0098dd850ce6c64?s=96&d=mm&r=g","contentUrl":"https:\/\/secure.gravatar.com\/avatar\/46420ee3187c4c78281a571257546bbff4ac8302868d8b7af0098dd850ce6c64?s=96&d=mm&r=g","caption":"schoeffel"},"url":"https:\/\/www.noegel.de\/nl\/author\/schoeffel\/"}]}},"_links":{"self":[{"href":"https:\/\/www.noegel.de\/nl\/wp-json\/wp\/v2\/posts\/2030","targetHints":{"allow":["GET"]}}],"collection":[{"href":"https:\/\/www.noegel.de\/nl\/wp-json\/wp\/v2\/posts"}],"about":[{"href":"https:\/\/www.noegel.de\/nl\/wp-json\/wp\/v2\/types\/post"}],"author":[{"embeddable":true,"href":"https:\/\/www.noegel.de\/nl\/wp-json\/wp\/v2\/users\/1"}],"replies":[{"embeddable":true,"href":"https:\/\/www.noegel.de\/nl\/wp-json\/wp\/v2\/comments?post=2030"}],"version-history":[{"count":3,"href":"https:\/\/www.noegel.de\/nl\/wp-json\/wp\/v2\/posts\/2030\/revisions"}],"predecessor-version":[{"id":5945,"href":"https:\/\/www.noegel.de\/nl\/wp-json\/wp\/v2\/posts\/2030\/revisions\/5945"}],"wp:featuredmedia":[{"embeddable":true,"href":"https:\/\/www.noegel.de\/nl\/wp-json\/wp\/v2\/media\/2031"}],"wp:attachment":[{"href":"https:\/\/www.noegel.de\/nl\/wp-json\/wp\/v2\/media?parent=2030"}],"wp:term":[{"taxonomy":"category","embeddable":true,"href":"https:\/\/www.noegel.de\/nl\/wp-json\/wp\/v2\/categories?post=2030"},{"taxonomy":"post_tag","embeddable":true,"href":"https:\/\/www.noegel.de\/nl\/wp-json\/wp\/v2\/tags?post=2030"}],"curies":[{"name":"wp","href":"https:\/\/api.w.org\/{rel}","templated":true}]}}